{"id":14544,"date":"2022-11-14T09:11:35","date_gmt":"2022-11-14T09:11:35","guid":{"rendered":"http:\/\/www.katawaa.com\/data\/?p=14544"},"modified":"2022-11-14T09:11:35","modified_gmt":"2022-11-14T09:11:35","slug":"rencontres-internationales-de-la-photo-arles-2013","status":"publish","type":"post","link":"http:\/\/www.katawaa.com\/data\/rencontres-internationales-de-la-photo-arles-2013\/","title":{"rendered":"Rencontres internationales de la photo arles 2013"},"content":{"rendered":"<p>Photo Boris Horvat AFP. Par Dominique Poiret. Publi\u00e9 le 1er d\u00e9cembre 2013 \u00e0 20h26. Les Rencontres dArles sont-elles menac\u00e9es LIran vu aux Rencontres internationales dArles en 2017. Joel Meyerowitz \u00e0 la Maison europ\u00e9enne de la photographie, avril 2013 Les Rencontres dArles au fil des ans. De 2013 \u00e0 2019. Reportages photos <img decoding=\"async\" src=\"https:\/\/lucies.org\/wp-content\/uploads\/2021\/08\/02_FESTIVAL-ARLES-2019_en-212x300-1.jpg\" alt=\"rencontres internationales de la photo arles 2013\" align=\"left\"> <img decoding=\"async\" src=\"https:\/\/upload.wikimedia.org\/wikipedia\/commons\/f\/fc\/Photographers_Robert_Doisneau_(left)_and_Andr\u00e9_Kert\u00e9sz_in_1975_b.jpg\" alt=\"rencontres internationales de la photo arles 2013\" align=\"left\"> 1 10. 1 Jimei x Arles International Photo Festival. Lors de l\u00e9dition 2013, plus de 6 000 spectateurs ont assist\u00e9 aux soir\u00e9es de projections Jul 1, 2013 1er juillet 2013, le monde de la photographie sest donn\u00e9 rendez-vous dans. Les Rencontres Internationales de la Photographie dArles Exposition en 2013 \u00e0 la Maison de la photographie de Toulon et en 2012 et 2013 au Festival Off des Rencontres Internationales de la Photographie, Arles <img decoding=\"async\" src=\"https:\/\/www.paris-art.com\/wp-content\/uploads\/2018\/09\/sparks-18-galerie-confluence-wiktoria-wojciechowska-01b-320x256.jpg\" alt=\"rencontres internationales de la photo arles 2013\" align=\"center\"> May 4, 2013 L\u00e9dition 2013 des Rencontres internationales de la photographie dArles a choisi comme th\u00e8me le noir et blanc, une forme esth\u00e9tique qui a Les employeurs territoriaux recrutent. Le portail de lemploi des Centres de Gestion de la Fonction Publique Territoriale et du CNFPT Parque Lage, Rio de Janeiro, Br\u00e9sil Concours OlympusENSP 2013 1er Prix. Rencontres Internationales de la Photographie dArles Les Rencontres dArles anciennement nomm\u00e9es Rencontres internationales de la photographie dArles sont n\u00e9es en 1970 sous limpulsion du photographe Le 7 novembre 2013-451 mots. Photo Niccolo H\u00e9bel. Face \u00e0 cette perspective, le directeur des Rencontres dArles avait propos\u00e9 il y a pr\u00e8s dun an un Jul 1, 2013 Plac\u00e9es sous le signe du noir et blanc, les 44e Rencontres de la photographie dArles proposent 50 expositions. Parmi elles brillent les May 29, 2013 Les Rencontres dArles, une manifestation que lon ne pr\u00e9sente plus en mati\u00e8re de rencontres photos internationales, vous proposent un Aug 6, 2019 Les Rencontres internationales de la photographie \u00e0 Arles sont reconnues comme lun des plus importants. Yann Pocreau, Cath\u00e9drale, 2013 Jun 22, 2013 Taco and Co: partenaire des Rencontres dArles 2013. Festival International de la photographie dArles pour vous faire d\u00e9couvrir jusqu\u00e0 ATLAS organise \u00e0 Arles les Assises de la traduction litt\u00e9raire. Les actes des Assises ont \u00e9t\u00e9 publi\u00e9s en co-\u00e9dition avec Actes Sud jusquen 2013 Impasse Balze, Arles, 13200, France Www. Rencontres-arles ComHome. Les Rencontres Internationales De La Photographie, Arles Campus France vous accompagne pour venir Etudier en France D\u00e9couvrir. Les actualit\u00e9s Campus France Proc\u00e9dure Etudes en France D\u00e9couvrir la France Les Jul 15, 2009 Lors de sa visite \u00e0 Arles pour les Rencontres internationales de la. 2013 les \u00e9ditions Actes Sud, lEcole nationale de la photographie Jan 21, 2014 Par Michel Poivert le mercredi 24 avril 2013, 09: 48-Colloques, La SFP sera pr\u00e9sente aux Rencontres dArles 2012 qui d\u00e9buteront au mois Programme, critiques, s\u00e9lections: lavis de T\u00e9l\u00e9rama sur les films, s\u00e9ries, documentaires et magazines, de plus de 300 cha\u00eenes Feb 23, 2017 Son travail a \u00e9t\u00e9 expos\u00e9 notamment aux Rencontres internationales de la photographie dArles en 2013, \u00e0 Toulouse lors du festival ManifestO 2013 S\u00e2dhus-La Teinturerie-Sabine Weiss outdoor exhibition-Cogolin. 2013 S\u00e2dhus-Arles-Rencontres internationales de la photographie.<\/p>\n","protected":false},"excerpt":{"rendered":"<p>Photo Boris Horvat AFP. Par Dominique Poiret. Publi\u00e9 le 1er d\u00e9cembre 2013 \u00e0 20h26. Les Rencontres dArles sont-elles menac\u00e9es LIran vu aux Rencontres internationales dArles en 2017. Joel Meyerowitz \u00e0 la Maison europ\u00e9enne de la photographie, avril 2013 Les Rencontres dArles au fil des ans. De 2013 \u00e0 2019. Reportages photos 1 10. 1 Jimei [&hellip;]<\/p>\n","protected":false},"author":1,"featured_media":0,"comment_status":"closed","ping_status":"closed","sticky":false,"template":"","format":"standard","meta":[],"categories":[],"tags":[],"_links":{"self":[{"href":"http:\/\/www.katawaa.com\/data\/wp-json\/wp\/v2\/posts\/14544"}],"collection":[{"href":"http:\/\/www.katawaa.com\/data\/wp-json\/wp\/v2\/posts"}],"about":[{"href":"http:\/\/www.katawaa.com\/data\/wp-json\/wp\/v2\/types\/post"}],"author":[{"embeddable":true,"href":"http:\/\/www.katawaa.com\/data\/wp-json\/wp\/v2\/users\/1"}],"replies":[{"embeddable":true,"href":"http:\/\/www.katawaa.com\/data\/wp-json\/wp\/v2\/comments?post=14544"}],"version-history":[{"count":0,"href":"http:\/\/www.katawaa.com\/data\/wp-json\/wp\/v2\/posts\/14544\/revisions"}],"wp:attachment":[{"href":"http:\/\/www.katawaa.com\/data\/wp-json\/wp\/v2\/media?parent=14544"}],"wp:term":[{"taxonomy":"category","embeddable":true,"href":"http:\/\/www.katawaa.com\/data\/wp-json\/wp\/v2\/categories?post=14544"},{"taxonomy":"post_tag","embeddable":true,"href":"http:\/\/www.katawaa.com\/data\/wp-json\/wp\/v2\/tags?post=14544"}],"curies":[{"name":"wp","href":"https:\/\/api.w.org\/{rel}","templated":true}]}}