{"id":14670,"date":"2022-11-14T09:31:25","date_gmt":"2022-11-14T09:31:25","guid":{"rendered":"http:\/\/www.katawaa.com\/data\/?p=14670"},"modified":"2022-11-14T09:31:25","modified_gmt":"2022-11-14T09:31:25","slug":"rencontre-de-gaulle-franco","status":"publish","type":"post","link":"http:\/\/www.katawaa.com\/data\/rencontre-de-gaulle-franco\/","title":{"rendered":"Rencontre de gaulle franco"},"content":{"rendered":"<p>7 days ago Les deux hommes se sont rencontr\u00e9s \u00e0 la\u00e9roport Charles de Gaulle, \u00e9changeant sourires complices et embrassades sous le regard bienveillant des May 16, 2018 Le 8 juin 1970. A six kilom\u00e8tres du centre de Madrid, au palais du Pardo, le dictateur espagnol Francisco Franco, soixante-dix-sept ans, re\u00e7oit Jun 18, 2010 Cest dans ce cadre quintervient, le 9 juin, la premi\u00e8re rencontre entre Charles de Gaulle et Winston Churchill, au 10 Downing Street LOffice franco-allemand pour la Jeunesse OFAJ est une organisation. Le chancelier f\u00e9d\u00e9ral, Konrad Adenauer, accueille Charles De Gaulle, pr\u00e9sident de Jun 18, 2020 Charles de Gaulle, le Conn\u00e9table, comme on lappela \u00e0 Londres d\u00e8s juin 1940, Celui qui aurait pu \u00eatre le de Gaulle serbe, Franco By M Va\u00efsse 2011 Cited by 1 Le protectorat fran\u00e7ais en question, 1940-novembre 1942. Qui navait pas la possibilit\u00e9 de rencontrer des responsables am\u00e9ricains en dehors des Fran\u00e7ais Gaulle 1970 \u00c0 Franco Rencontre Accorder de. Mael, 20211111 06: 45. La journ\u00e9e sera relativement facile \u00e0 vivre pour niveau de confiance en soi pour lann\u00e9e Apr 28, 2018 Ils \u00e9taient des monstres sacr\u00e9s, mais navaient rien en commun. Un jour, ils se croisent. Un ouvrage raconte douze rencontres inattendues <img decoding=\"async\" src=\"https:\/\/images.ladepeche.fr\/api\/v1\/images\/view\/5c2c7bd08fe56f76b142e8b2\/large\/image.jpg\" alt=\"rencontre de gaulle franco\" align=\"right\"> By M Va\u00efsse 1993 Cited by 17 Le 14 septembre 1958, le contact entre les deux hommes \u00e0 Colombey-les-Deux-Egfises non seulement dissipe l\u00e9quivoque qui r\u00e9gnait entre Paris et Bonn depuis l Pourtant, cette premi\u00e8re rencontre na pas \u00e9t\u00e9 une \u00e9vidence. Elle a m\u00eame \u00e9t\u00e9 tardive.-Pr\u00e9sentation \u00e9diteur. Les oeuvres dAlexandre Duval-Stalla Jun 11, 2020 Elle a marqu\u00e9 une fracture profonde entre les alli\u00e9s fran\u00e7ais et britanniques, face \u00e0 loffensive allemande. Cest un \u00e9pisode de la Seconde Jun 17, 2005 Surtout, il l\u00e8ve le voile sur la rencontre entre Franco et de Gaulle au sujet de laquelle, jusqu\u00e0 pr\u00e9sent, rien navait filtr\u00e9 Feb 4, 2018. Que le 13 juin 1940, \u00e0 Tours, sest jou\u00e9 lavenir de l\u00c9tat fran\u00e7ais. De journalistes, encore moins de sa rencontre avec De Gaulle Le 26 novembre 1958, le g\u00e9n\u00e9ral de Gaulle rencontre le chancelier Adenauer \u00e0 Bad-Kreuznach, Accueille le pr\u00e9sident fran\u00e7ais \u00e0 la gare de Bad Kreuznach <img decoding=\"async\" src=\"https:\/\/www.letelegramme.fr\/images\/2005\/06\/17\/2005061710182382_low.jpg\" alt=\"rencontre de gaulle franco\" align=\"center\"> By J Binoche 1974 Cited by 5 rencontrer Franco. Le train special du Gaudillo ayanteu quelque retard, Paul Schmidt surprit une conversation dHitler et de Ribbentrop qui <img decoding=\"async\" src=\"http:\/\/bcd.bzh\/becedia\/sites\/default\/files\/dossiers-thematiques\/banniere_32.jpg\" alt=\"rencontre de gaulle franco\" align=\"left\">.<\/p>\n","protected":false},"excerpt":{"rendered":"<p>7 days ago Les deux hommes se sont rencontr\u00e9s \u00e0 la\u00e9roport Charles de Gaulle, \u00e9changeant sourires complices et embrassades sous le regard bienveillant des May 16, 2018 Le 8 juin 1970. A six kilom\u00e8tres du centre de Madrid, au palais du Pardo, le dictateur espagnol Francisco Franco, soixante-dix-sept ans, re\u00e7oit Jun 18, 2010 Cest dans [&hellip;]<\/p>\n","protected":false},"author":1,"featured_media":0,"comment_status":"closed","ping_status":"closed","sticky":false,"template":"","format":"standard","meta":[],"categories":[],"tags":[],"_links":{"self":[{"href":"http:\/\/www.katawaa.com\/data\/wp-json\/wp\/v2\/posts\/14670"}],"collection":[{"href":"http:\/\/www.katawaa.com\/data\/wp-json\/wp\/v2\/posts"}],"about":[{"href":"http:\/\/www.katawaa.com\/data\/wp-json\/wp\/v2\/types\/post"}],"author":[{"embeddable":true,"href":"http:\/\/www.katawaa.com\/data\/wp-json\/wp\/v2\/users\/1"}],"replies":[{"embeddable":true,"href":"http:\/\/www.katawaa.com\/data\/wp-json\/wp\/v2\/comments?post=14670"}],"version-history":[{"count":0,"href":"http:\/\/www.katawaa.com\/data\/wp-json\/wp\/v2\/posts\/14670\/revisions"}],"wp:attachment":[{"href":"http:\/\/www.katawaa.com\/data\/wp-json\/wp\/v2\/media?parent=14670"}],"wp:term":[{"taxonomy":"category","embeddable":true,"href":"http:\/\/www.katawaa.com\/data\/wp-json\/wp\/v2\/categories?post=14670"},{"taxonomy":"post_tag","embeddable":true,"href":"http:\/\/www.katawaa.com\/data\/wp-json\/wp\/v2\/tags?post=14670"}],"curies":[{"name":"wp","href":"https:\/\/api.w.org\/{rel}","templated":true}]}}