{"id":15152,"date":"2022-11-14T10:34:38","date_gmt":"2022-11-14T10:34:38","guid":{"rendered":"http:\/\/www.katawaa.com\/data\/?p=15152"},"modified":"2022-11-14T10:34:38","modified_gmt":"2022-11-14T10:34:38","slug":"rencontre-georges-brassens","status":"publish","type":"post","link":"http:\/\/www.katawaa.com\/data\/rencontre-georges-brassens\/","title":{"rendered":"Rencontre georges brassens"},"content":{"rendered":"<p>Apr 5, 2021 Maxime Le Forestier: sa premi\u00e8re rencontre compliqu\u00e9e avec Georges Brassens Dans son livre Brassens et moi, Maxime Le Forestier rend hommage Mar 5, 2020. Georges-Brassens pour assister \u00e0 la projection du documentaire. La biodiversit\u00e9 \u00e7a parle aux \u00e9l\u00e8ves, autant que la rencontre de Quand deux artistes comme Johnny Hallyday et Georges Brassens se rencontrent sur un plateau de t\u00e9l\u00e9vision, cela donne un moment savoureux, une interview Dans le cadre du 30e anniversaire de la m\u00e9diath\u00e8que Georges Brassens et du 40e anniversaire de la disparition de lartiste, Le Concorde vous propose Oct 21, 2019. Rumeur peu cr\u00e9dible, a livr\u00e9 de surprenante confidence sur sa rencontre \u00e9tonnante avec chanteur mythique. Il sagit de Georges Brassens Nov 8, 2016 Georges Brassens, Le parapluie, La Mauvaise \u00e9ducation, 1952. Il pleuvait fort sur la grand-route. Ell cheminait sans parapluie Dimanche 14 novembre \u00e0 17h: LE REGARD DE GEORGES BRASSENS, suivi dune rencontre avec sa r\u00e9alisatrice SANDRINE DUMARAIS Georges BRASSENS est n\u00e9 \u00e0 Cette le 22 octobre 1921, dans un quartier populaire du port de la ville le nom. En 1947, il rencontre \u00e9galement Joha HEIMAN Oct 29, 2021 Brassens est sans doute un de nos plus grands po\u00e8tes de la chanson, dont on reconna\u00eet tout de suite le rythme, tr\u00e8s inspir\u00e9 du blues et du Joel Favreau fut le dernier guitariste de Georges Brassens, et intervient r\u00e9guli\u00e8rement depuis plusieurs ann\u00e9es dans les \u00e9coles pour montrer aux jeunes Jun 15, 2016 Le bilan de la premi\u00e8re rencontre transnationale; Le mur v\u00e9g\u00e9talis\u00e9 ainsi que le texte de pr\u00e9sentation r\u00e9alis\u00e9s, par la classe de 2nde 4 <img decoding=\"async\" src=\"https:\/\/c8.alamy.com\/compfr\/rbwckb\/aankomst-georges-brassens-rencontre-catharina-sauvage-aan-kuurzaal-scheveningen-bestanddeelnr-907-6555-rbwckb.jpg\" alt=\"rencontre georges brassens\" align=\"center\"> <img decoding=\"async\" src=\"https:\/\/www.letelegramme.fr\/images\/2016\/03\/14\/florence-drenou-et-ses-eleves-ont-rencontre-l-artiste_2803351.jpg\" alt=\"rencontre georges brassens\" align=\"left\"> Jul 18, 2021 On y voit Jacques Brel, L\u00e9o Ferr\u00e9 et Georges Brassens autour dune table. Fumant all\u00e8grement. Elle a \u00e9t\u00e9 prise le 6 janvier 1969 par S\u00e9n\u00e9gal: Omar P\u00e8ne, un artiste engag\u00e9 sur la question climatique 4. Georges Brassens, un monument Aug 23, 2021 georgesbrassensofficiel La seconde rencontre qui fut d\u00e9terminante pour Georges Brassens est celle de Patachou. Un soir de janvier 1952 Une rencontre enregistr\u00e9e le 7 septembre \u00e0 Carcassonne avec Jean-Louis Dubois. Outro: Extrait dune rencontre avec Charles Trenet Georges Brassens Claude Wargnier a rencontr\u00e9 Georges en 1961 et ils sont rest\u00e9s amis jusquau bout. Michel Brilli\u00e9 \u00e9tait alors r\u00e9alisateur \u00e0 Europe 1 notamment de Campus Le festival en hommage \u00e0 Georges Brassens unique en Belgique a lieu \u00e0 Gouvy. Des artistes dexception interpr\u00e8tent des chansons mondialement connues 2bis, Avenue Georges Brassens CS 61002-97743 Saint Denis CEDEX 9. 02 62 97 90 00. Facebook ARS La R\u00e9union LinkedIn ARS La R\u00e9union Plan ARS R\u00e9union Sil naimait pas beaucoup l\u00e9cole, Georges Brassens y fera une rencontre d\u00e9cisive avec un jeune professeur de fran\u00e7ais, Alphonse Bonnaf\u00e9, \u00e0 qui il doit sa Aug 3, 2009 Paris, lundi 6 janvier 1969. Un petit appartement de la rive gauche rue Saint-Placide. La pi\u00e8ce sera vite enfum\u00e9e: Georges fume la pipe comme <img decoding=\"async\" src=\"https:\/\/cdn.radiofrance.fr\/s3\/cruiser-production\/2021\/03\/437a4a26-11d2-4566-bc54-129f068060dc\/838_couv_brassens_et_moi.jpg\" alt=\"rencontre georges brassens\" align=\"right\"> Une rencontre po\u00e9tique et musicale. Gr\u00e2ce \u00e0 un casque d\u00e9coute, Georges Brassens vous guide tout au long du parcours mus\u00e9ographique et vous entra\u00eene sur Georges BRASSENS raconte comment il a compos\u00e9 le m\u00e9cr\u00e9ant et les r\u00e9actions des catholiques \u00e0 cette.<\/p>\n","protected":false},"excerpt":{"rendered":"<p>Apr 5, 2021 Maxime Le Forestier: sa premi\u00e8re rencontre compliqu\u00e9e avec Georges Brassens Dans son livre Brassens et moi, Maxime Le Forestier rend hommage Mar 5, 2020. Georges-Brassens pour assister \u00e0 la projection du documentaire. La biodiversit\u00e9 \u00e7a parle aux \u00e9l\u00e8ves, autant que la rencontre de Quand deux artistes comme Johnny Hallyday et Georges Brassens [&hellip;]<\/p>\n","protected":false},"author":1,"featured_media":0,"comment_status":"closed","ping_status":"closed","sticky":false,"template":"","format":"standard","meta":[],"categories":[],"tags":[],"_links":{"self":[{"href":"http:\/\/www.katawaa.com\/data\/wp-json\/wp\/v2\/posts\/15152"}],"collection":[{"href":"http:\/\/www.katawaa.com\/data\/wp-json\/wp\/v2\/posts"}],"about":[{"href":"http:\/\/www.katawaa.com\/data\/wp-json\/wp\/v2\/types\/post"}],"author":[{"embeddable":true,"href":"http:\/\/www.katawaa.com\/data\/wp-json\/wp\/v2\/users\/1"}],"replies":[{"embeddable":true,"href":"http:\/\/www.katawaa.com\/data\/wp-json\/wp\/v2\/comments?post=15152"}],"version-history":[{"count":0,"href":"http:\/\/www.katawaa.com\/data\/wp-json\/wp\/v2\/posts\/15152\/revisions"}],"wp:attachment":[{"href":"http:\/\/www.katawaa.com\/data\/wp-json\/wp\/v2\/media?parent=15152"}],"wp:term":[{"taxonomy":"category","embeddable":true,"href":"http:\/\/www.katawaa.com\/data\/wp-json\/wp\/v2\/categories?post=15152"},{"taxonomy":"post_tag","embeddable":true,"href":"http:\/\/www.katawaa.com\/data\/wp-json\/wp\/v2\/tags?post=15152"}],"curies":[{"name":"wp","href":"https:\/\/api.w.org\/{rel}","templated":true}]}}