{"id":15663,"date":"2022-11-14T11:12:34","date_gmt":"2022-11-14T11:12:34","guid":{"rendered":"http:\/\/www.katawaa.com\/data\/?p=15663"},"modified":"2022-11-14T11:12:34","modified_gmt":"2022-11-14T11:12:34","slug":"rencontre-du-pape-francois-et-de-benoit-xvi","status":"publish","type":"post","link":"http:\/\/www.katawaa.com\/data\/rencontre-du-pape-francois-et-de-benoit-xvi\/","title":{"rendered":"Rencontre du pape francois et de benoit xvi"},"content":{"rendered":"<p>Extrait du n47 de lencyclique Spe salvi du pape Beno\u00eet XVI. Dans laujourdhui, se joue la vie \u00e9ternelle pape Fran\u00e7ois. Cest cette conviction qui <img decoding=\"async\" src=\"https:\/\/www.vaticannews.va\/content\/dam\/vaticannews\/images-multimedia\/papa-ratzinger\/francesco e benedetto.jpg\/_jcr_content\/renditions\/cq5dam.thumbnail.cropped.750.422.jpeg\" alt=\"rencontre du pape francois et de benoit xvi\" align=\"center\"> Mar 23, 2013 Samedi 23 mars, \u00e0 Castel Gandolfo, les deux papes, l\u00e9m\u00e9rite et l\u00e9lu, se sont retrouv\u00e9s. Dans une ambiance fraternelle et simple Mar 23, 2013 Lhistoire s\u00e9crit souvent avec des images fortes. La photo des deux papes, Fran\u00e7ois et Beno\u00eet XVI, immortalisant leur rencontre historique \u00e0 Nov 3, 2020 Dans une rencontre avec le directeur de lagence italienne AdnKronos, le pape Fran\u00e7ois sest longuement confi\u00e9 sur sa relation fraternelle Feb 28, 2021 Il a rencontr\u00e9 le pape Fran\u00e7ois le 30 janvier \u00e0 Rome. Ses vues seraient proches de celles du pape. Les deux hommes ont dailleurs critiqu\u00e9 le Jan 24, 2014 On se souvient quen 2010 lors de sa seconde visite au Vatican, Nicolas Sarkozy a fait attendre le pape Beno\u00eet XVI plus dun quart dheure <img decoding=\"async\" src=\"https:\/\/atlantico-media.s3.eu-west-3.amazonaws.com\/rtr3f5m61_182110a9e7.jpg\" alt=\"rencontre du pape francois et de benoit xvi\" align=\"left\"> Jan 15, 2020 Mais Fran\u00e7ois semble d\u00e9cid\u00e9 \u00e0 ne pas en tenir compte. Pape Fran\u00e7ois B\u00e9noit XVI au Vatican se rencontre 9. Y aura-t-il un schisme <img decoding=\"async\" src=\"https:\/\/seletlumieretv.org\/blogue\/wp-content\/blog_1549293672.jpg\" alt=\"rencontre du pape francois et de benoit xvi\" align=\"left\"> Mar 25, 2013 Cette rencontre \u00e9tait tout \u00e0 fait in\u00e9dite. Avant Beno\u00eet XVI, le seul pape \u00e0 avoir d\u00e9missionn\u00e9 de son plein gr\u00e9 fut C\u00e9lestin V en 1294, mais il n Le 11 f\u00e9vrier 2013, il y a maintenant un an, lEglise catholique vivait un moment historique: le pape Beno\u00eet XVI renon\u00e7ait au minist\u00e8re p\u00e9trinien Mar 23, 2013 Le pape Fran\u00e7ois et son pr\u00e9d\u00e9cesseur Beno\u00eet XVI se sont retrouv\u00e9s samedi dans la r\u00e9sidence pontificale d\u00e9t\u00e9 de Castel Gandolfo, au sud de Aug 31, 2021 Fran\u00e7ois, rappelle larticle, va avoir 85 ans en d\u00e9cembre, le m\u00eame \u00e2ge auquel Beno\u00eet XVI avait d\u00e9missionn\u00e9. Mais dans le cas de lArgentin Mar 28, 2018 Le pape Fran\u00e7ois est all\u00e9, mardi apr\u00e8s-midi 27 mars, rencontrer Beno\u00eet XVI dans le monast\u00e8re Mater Ecclesiae, o\u00f9 sest retir\u00e9 le pape Jan 23, 2014 VATICAN-Le pr\u00e9sident fran\u00e7ais Fran\u00e7ois Hollande effectuera sa. Nicolas Sarkozy rencontre Beno\u00eet XVI \u00e0 la fin de sa premi\u00e8re ann\u00e9e de Mar 23, 2013 Le pape Fran\u00e7ois a rencontr\u00e9 Beno\u00eet XVI samedi \u00e0 Castel Gandolfo, la r\u00e9sidence d\u00e9t\u00e9 des papes. Une rencontre in\u00e9dite Dec 2, 2020 Le pape Fran\u00e7ois \u00e0 droite a salu\u00e9 son pr\u00e9d\u00e9cesseur Beno\u00eet XVI le. Qui a pu rencontrer le pape \u00e9m\u00e9rite Beno\u00eet XVI, samedi 28 novembre Jun 20, 2013. Distingue le pape argentin de son pr\u00e9d\u00e9cesseur Beno\u00eet XVI. L\u00e0, il rencontre en toute simplicit\u00e9 qui il veut au grand dam du Le secteur du commerce au d\u00e9tail a connu plusieurs changements spectaculaires au cours de lann\u00e9e \u00e9coul\u00e9e. 17 D\u00e9cembre 2021 16: 23. Commerce de proximit\u00e9: Mar 23, 2013 Le pape Fran\u00e7ois est arriv\u00e9 en h\u00e9licopt\u00e8re samedi au palais pontifical de Castel Gandolfo afin de rencontrer son pr\u00e9d\u00e9cesseur, Beno\u00eet XVI Oct 18, 2021 Le pape Beno\u00eet XVI renon\u00e7ant \u00e0 son titre, un nouveau pape doit \u00eatre \u00e9lu. Le choix se porte sur Jorge Mario Bergoglio. \u00c9lu, ce dernier devient le Mar 27, 2014 Le pr\u00e9sident am\u00e9ricain a rencontr\u00e9 le pape Fran\u00e7ois ce matin, pour la premi\u00e8re fois. C\u00e9tait en juillet 2009 sous le r\u00e8gne de Beno\u00eet XVI.<\/p>\n","protected":false},"excerpt":{"rendered":"<p>Extrait du n47 de lencyclique Spe salvi du pape Beno\u00eet XVI. Dans laujourdhui, se joue la vie \u00e9ternelle pape Fran\u00e7ois. Cest cette conviction qui Mar 23, 2013 Samedi 23 mars, \u00e0 Castel Gandolfo, les deux papes, l\u00e9m\u00e9rite et l\u00e9lu, se sont retrouv\u00e9s. Dans une ambiance fraternelle et simple Mar 23, 2013 Lhistoire s\u00e9crit souvent avec [&hellip;]<\/p>\n","protected":false},"author":1,"featured_media":0,"comment_status":"closed","ping_status":"closed","sticky":false,"template":"","format":"standard","meta":[],"categories":[],"tags":[],"_links":{"self":[{"href":"http:\/\/www.katawaa.com\/data\/wp-json\/wp\/v2\/posts\/15663"}],"collection":[{"href":"http:\/\/www.katawaa.com\/data\/wp-json\/wp\/v2\/posts"}],"about":[{"href":"http:\/\/www.katawaa.com\/data\/wp-json\/wp\/v2\/types\/post"}],"author":[{"embeddable":true,"href":"http:\/\/www.katawaa.com\/data\/wp-json\/wp\/v2\/users\/1"}],"replies":[{"embeddable":true,"href":"http:\/\/www.katawaa.com\/data\/wp-json\/wp\/v2\/comments?post=15663"}],"version-history":[{"count":0,"href":"http:\/\/www.katawaa.com\/data\/wp-json\/wp\/v2\/posts\/15663\/revisions"}],"wp:attachment":[{"href":"http:\/\/www.katawaa.com\/data\/wp-json\/wp\/v2\/media?parent=15663"}],"wp:term":[{"taxonomy":"category","embeddable":true,"href":"http:\/\/www.katawaa.com\/data\/wp-json\/wp\/v2\/categories?post=15663"},{"taxonomy":"post_tag","embeddable":true,"href":"http:\/\/www.katawaa.com\/data\/wp-json\/wp\/v2\/tags?post=15663"}],"curies":[{"name":"wp","href":"https:\/\/api.w.org\/{rel}","templated":true}]}}