{"id":15670,"date":"2022-11-14T11:13:10","date_gmt":"2022-11-14T11:13:10","guid":{"rendered":"http:\/\/www.katawaa.com\/data\/?p=15670"},"modified":"2022-11-14T11:13:10","modified_gmt":"2022-11-14T11:13:10","slug":"rencontre-du-pape-francois-et-de-benoit-xvi-2","status":"publish","type":"post","link":"http:\/\/www.katawaa.com\/data\/rencontre-du-pape-francois-et-de-benoit-xvi-2\/","title":{"rendered":"Rencontre du pape francois et de benoit xvi"},"content":{"rendered":"<p>Dec 24, 2013 Le pape Fran\u00e7ois aux c\u00f4t\u00e9s de son pr\u00e9d\u00e9cesseur Benoit XVI, hier au Vatican. Les deux hommes ont pri\u00e9 ensemble et se sont entretenus en priv\u00e9 <img decoding=\"async\" src=\"https:\/\/mobile-img.lpcdn.ca\/lpca\/924x\/r3996\/cf32c5c6\/ba4d94cc-4836-11ea-82bb-0eda3a42da3c.jpg\" alt=\"rencontre du pape francois et de benoit xvi\" align=\"right\"> Mar 27, 2014 Le pr\u00e9sident am\u00e9ricain a rencontr\u00e9 le pape Fran\u00e7ois ce matin, pour la premi\u00e8re fois. C\u00e9tait en juillet 2009 sous le r\u00e8gne de Beno\u00eet XVI Jul 26, 2013 Le pape Fran\u00e7ois multiplie les rencontres vendredi. Le pape a repris deux autres traditions de Beno\u00eet XVI: dans le parc Quinta da Boa Le pape invite les jeunes \u00e0 la saintet\u00e9. Milan, 2 juin 2012 Apic Devant 80000 personnes dont de tr\u00e8s nombreux jeunes r\u00e9unis dans le stade de San Siro \u00e0 Relations avec le pape Fran\u00e7ois et retraite au Vatican Oct 18, 2021 Le pape Beno\u00eet XVI renon\u00e7ant \u00e0 son titre, un nouveau pape doit \u00eatre \u00e9lu. Le choix se porte sur Jorge Mario Bergoglio. \u00c9lu, ce dernier devient le Mar 3, 2020 6 images Le pape Fran\u00e7ois lors dune rencontre avec lautre pape, Benoit XVI. La sant\u00e9 des deux hommes fait lobjet de nombreuses attentions Jun 20, 2013. Distingue le pape argentin de son pr\u00e9d\u00e9cesseur Beno\u00eet XVI. L\u00e0, il rencontre en toute simplicit\u00e9 qui il veut au grand dam du Mar 28, 2018 Toutefoiis, contrairement aux fois pr\u00e9c\u00e9dentes, le Vatican na pas diffus\u00e9 de photographies de cette rencontre alors que le pape \u00e9m\u00e9rite Mar 23, 2013 Quelle \u00e9motion de revoir le Pape Benoit \u00e9m\u00e9rite XVI. Et le Pape Fran\u00e7ois, quelle d\u00e9licatesse. Merci beaucoup Sep 26, 2014 Durant mon mandat de directeur g\u00e9n\u00e9ral du CERN, jai eu loccasion de rencontrer deux papes, ce qui surprend souvent. Mais quy a-t-il de Mar 23, 2013 Lhistoire s\u00e9crit souvent avec des images fortes. La photo des deux papes, Fran\u00e7ois et Beno\u00eet XVI, immortalisant leur rencontre historique \u00e0 Mar 1, 2021 Reclus dans un monast\u00e8re du Vatican depuis sa d\u00e9mission, le pape \u00e9m\u00e9rite Beno\u00eet XVI, a certes jug\u00e9 ce voyage tr\u00e8s important, mais aussi Jan 24, 2014 On se souvient quen 2010 lors de sa seconde visite au Vatican, Nicolas Sarkozy a fait attendre le pape Beno\u00eet XVI plus dun quart dheure Mar 23, 2013 CASTEL GANDOLFO, Italie Le pape Fran\u00e7ois est arriv\u00e9 en h\u00e9licopt\u00e8re samedi au palais pontifical de Castel Gandolfo afin de rencontrer son Jan 29, 2014 Le pape Fran\u00e7ois et son pr\u00e9d\u00e9cesseur Beno\u00eet XVI se sont retrouv\u00e9s samedi dans la r\u00e9sidence pontificale d\u00e9t\u00e9 de Castel Gandolfo Mar 23, 2013 Le pape Fran\u00e7ois et son pr\u00e9d\u00e9cesseur Beno\u00eet XVI se sont retrouv\u00e9s samedi dans la r\u00e9sidence pontificale d\u00e9t\u00e9 de Castel Gandolfo, au sud de Mar 23, 2013 Le pape Fran\u00e7ois et son pr\u00e9d\u00e9cesseur Beno\u00eet XVI se sont retrouv\u00e9s samedi dans la r\u00e9sidence pontificale d\u00e9t\u00e9 de Castel Gandolfo Le pape Fran\u00e7ois a rendu visite, samedi, au pape \u00e9m\u00e9rite Beno\u00eet XVI dans la r\u00e9sidence d\u00e9t\u00e9 de Castel Gandolfo, pr\u00e8s de Rome o\u00f9 s\u00e9journe 3 hours ago Le pape Fran\u00e7ois a rencontr\u00e9 lancien pape Beno\u00eet XVI pour \u00e9changer ses v\u0153ux de No\u00ebl dans la Cit\u00e9 du Vatican. Photo de Maurix Gamma-Rapho la mission est de permettre \u00e0 des publics larges et divers de faire lexp\u00e9rience de la rencontre entre culture contemporaine et foi catholique Cfrt. Tv <img decoding=\"async\" src=\"https:\/\/fr.zenit.org\/wp-content\/uploads\/sites\/4\/2019\/04\/Papes.jpg\" alt=\"rencontre du pape francois et de benoit xvi\" align=\"right\"> <img decoding=\"async\" src=\"https:\/\/img-4.linternaute.com\/88_GliNh1mmtBAYtCSjlZFnyrQ0=\/820x546\/smart\/00d34edee09647fca95a5fe90478a1a6\/ccmcms-linternaute\/1537089.jpg\" alt=\"rencontre du pape francois et de benoit xvi\" align=\"left\"> Le secteur du commerce au d\u00e9tail a connu plusieurs changements spectaculaires au cours de lann\u00e9e \u00e9coul\u00e9e. 17 D\u00e9cembre 2021 16: 23. Commerce de proximit\u00e9:.<\/p>\n","protected":false},"excerpt":{"rendered":"<p>Dec 24, 2013 Le pape Fran\u00e7ois aux c\u00f4t\u00e9s de son pr\u00e9d\u00e9cesseur Benoit XVI, hier au Vatican. Les deux hommes ont pri\u00e9 ensemble et se sont entretenus en priv\u00e9 Mar 27, 2014 Le pr\u00e9sident am\u00e9ricain a rencontr\u00e9 le pape Fran\u00e7ois ce matin, pour la premi\u00e8re fois. C\u00e9tait en juillet 2009 sous le r\u00e8gne de Beno\u00eet XVI [&hellip;]<\/p>\n","protected":false},"author":1,"featured_media":0,"comment_status":"closed","ping_status":"closed","sticky":false,"template":"","format":"standard","meta":[],"categories":[],"tags":[],"_links":{"self":[{"href":"http:\/\/www.katawaa.com\/data\/wp-json\/wp\/v2\/posts\/15670"}],"collection":[{"href":"http:\/\/www.katawaa.com\/data\/wp-json\/wp\/v2\/posts"}],"about":[{"href":"http:\/\/www.katawaa.com\/data\/wp-json\/wp\/v2\/types\/post"}],"author":[{"embeddable":true,"href":"http:\/\/www.katawaa.com\/data\/wp-json\/wp\/v2\/users\/1"}],"replies":[{"embeddable":true,"href":"http:\/\/www.katawaa.com\/data\/wp-json\/wp\/v2\/comments?post=15670"}],"version-history":[{"count":0,"href":"http:\/\/www.katawaa.com\/data\/wp-json\/wp\/v2\/posts\/15670\/revisions"}],"wp:attachment":[{"href":"http:\/\/www.katawaa.com\/data\/wp-json\/wp\/v2\/media?parent=15670"}],"wp:term":[{"taxonomy":"category","embeddable":true,"href":"http:\/\/www.katawaa.com\/data\/wp-json\/wp\/v2\/categories?post=15670"},{"taxonomy":"post_tag","embeddable":true,"href":"http:\/\/www.katawaa.com\/data\/wp-json\/wp\/v2\/tags?post=15670"}],"curies":[{"name":"wp","href":"https:\/\/api.w.org\/{rel}","templated":true}]}}