{"id":15985,"date":"2022-11-14T11:34:02","date_gmt":"2022-11-14T11:34:02","guid":{"rendered":"http:\/\/www.katawaa.com\/data\/?p=15985"},"modified":"2022-11-14T11:34:02","modified_gmt":"2022-11-14T11:34:02","slug":"rencontre-economique","status":"publish","type":"post","link":"http:\/\/www.katawaa.com\/data\/rencontre-economique\/","title":{"rendered":"Rencontre economique"},"content":{"rendered":"<p>Jul 2, 2021 Saisir lavenir ensemble : cest le fil conducteur des Rencontres \u00e9conomiques qui se d\u00e9roulent \u00e0 Aix-en-Provence les 2, 3 et 4 juillet Jun 3, 2021 En visite officielle en Tunisie depuis la veille, le Premier ministre Jean Castex a cl\u00f4tur\u00e9 la Rencontre \u00e9conomique sur le th\u00e8me du 5 days ago Rencontre \u00e9conomique Japon Saint-Etienne. Le Japon, 3\u00e8me \u00e9conomie mondiale est un march\u00e9 aux multiples opportunit\u00e9s pour les entreprises <img decoding=\"async\" src=\"https:\/\/i.ytimg.com\/vi\/_aQAlVY8jgc\/mqdefault.jpg\" alt=\"rencontre economique\" align=\"center\"> <img decoding=\"async\" src=\"https:\/\/www.letelegramme.fr\/images\/2021\/06\/14\/christine-lagarde_5725712_676x748p.jpg\" alt=\"rencontre economique\" align=\"center\"> 12 hours ago La Bourse et la Vie est la 1\u00e8re Web TV 100 Actualit\u00e9s sur la Bourse, l\u00c9conomie et les Entreprises. Linformation \u00e9co \u00e0 valeur ajout\u00e9e. Elle Rencontre avec Benoist Simmat, auteur de La Ligue des \u00e9conomistes extraordinaires 2014, Editions Dargaud Avec la journaliste Laetitia Gayet Retrouvez toutes les formations, tous les laboratoires de lUniversit\u00e9 de Nantes sur ce site internet. D\u00e9couvrez \u00e9galement les initiatives qui rythment la EN DIRECT Le Premier ministre Jean Castex cl\u00f4t la rencontre \u00e9conomique sur le th\u00e8me du num\u00e9rique, depuis le Mont\u00e9n\u00e9gro: Rencontre Economique. Retrouvez ici le communiqu\u00e9 de presse. Retour aux galeries ACCUEIL. Actualit\u00e9s Agenda Annuaire Photos Vid\u00e9os Oct 23, 2020 Les rencontres \u00e9conomiques sont organis\u00e9es et pens\u00e9es par le Cercle des \u00e9conomistes. Cest \u00e9v\u00e9nement international est devenu en 20 ans le Economie: retrouvez toute lactualit\u00e9 \u00e9conomique sur 20 Minutes, la croissance, le ch\u00f4mage, la fiscalit\u00e9, la dette, la bourse Sur la route qui m\u00e8ne \u00e0 Djerba, lOIF vous propose de participer aux \u00e9changes internationaux organis\u00e9s autour des Rencontres du Forum \u00e9conomique de la Jun 28, 2021 Jean-Herv\u00e9 Lorenzi, pr\u00e9sident du Cercle des \u00e9conomistes et organisateur des 21e Rencontres \u00e9conomiques dAix-en-Provence, a lanc\u00e9 Depuis leur cr\u00e9ation par le Cercle des Economistes en 2001, les Rencontres \u00c9conomiques dAix-en-Provence sont devenues un \u00e9v\u00e9nement \u00e9conomique majeur Jul 3, 2021 Comme chaque ann\u00e9e, \u00e0 loccasion des Rencontres \u00e9conomiques dAix-en-Provence, des jeunes \u00e2g\u00e9s de 18 \u00e0 28 ans sont appel\u00e9s \u00e0 plancher sur un Section Affaires de LaPresse. Ca: Affaires, \u00c9conomie, finance, finances personelles, entreprises, PME, monde des affaires, technologies \u00c9conomie. Lobjectif est de favoriser la relocalisation dactivit\u00e9s de production sur C2MTL, une rencontre \u00e9conomique et daffaire grandement inspirante Partager. Montr\u00e9al, le lundi 27 mai 2013 Pour sa deuxi\u00e8me \u00e9dition, C2MTL Jun 18, 2020 Vous \u00eates en qu\u00eate dune relation durable ou dune rencontre sans lendemain. Inscrivez-vous \u00e0 Tinder ou \u00e0 Bumble Rencontres avec les Petites Cit\u00e9s de Caract\u00e8re: du patrimoine au d\u00e9veloppement \u00e9conomique Galeries <img decoding=\"async\" src=\"https:\/\/www.bluenote-systems.com\/sites\/default\/files\/CRM\/rencontres-economiques-strasbourg-2020.png\" alt=\"rencontre economique\" align=\"left\">.<\/p>\n","protected":false},"excerpt":{"rendered":"<p>Jul 2, 2021 Saisir lavenir ensemble : cest le fil conducteur des Rencontres \u00e9conomiques qui se d\u00e9roulent \u00e0 Aix-en-Provence les 2, 3 et 4 juillet Jun 3, 2021 En visite officielle en Tunisie depuis la veille, le Premier ministre Jean Castex a cl\u00f4tur\u00e9 la Rencontre \u00e9conomique sur le th\u00e8me du 5 days ago Rencontre \u00e9conomique [&hellip;]<\/p>\n","protected":false},"author":1,"featured_media":0,"comment_status":"closed","ping_status":"closed","sticky":false,"template":"","format":"standard","meta":[],"categories":[],"tags":[],"_links":{"self":[{"href":"http:\/\/www.katawaa.com\/data\/wp-json\/wp\/v2\/posts\/15985"}],"collection":[{"href":"http:\/\/www.katawaa.com\/data\/wp-json\/wp\/v2\/posts"}],"about":[{"href":"http:\/\/www.katawaa.com\/data\/wp-json\/wp\/v2\/types\/post"}],"author":[{"embeddable":true,"href":"http:\/\/www.katawaa.com\/data\/wp-json\/wp\/v2\/users\/1"}],"replies":[{"embeddable":true,"href":"http:\/\/www.katawaa.com\/data\/wp-json\/wp\/v2\/comments?post=15985"}],"version-history":[{"count":0,"href":"http:\/\/www.katawaa.com\/data\/wp-json\/wp\/v2\/posts\/15985\/revisions"}],"wp:attachment":[{"href":"http:\/\/www.katawaa.com\/data\/wp-json\/wp\/v2\/media?parent=15985"}],"wp:term":[{"taxonomy":"category","embeddable":true,"href":"http:\/\/www.katawaa.com\/data\/wp-json\/wp\/v2\/categories?post=15985"},{"taxonomy":"post_tag","embeddable":true,"href":"http:\/\/www.katawaa.com\/data\/wp-json\/wp\/v2\/tags?post=15985"}],"curies":[{"name":"wp","href":"https:\/\/api.w.org\/{rel}","templated":true}]}}