{"id":16025,"date":"2022-11-14T11:37:59","date_gmt":"2022-11-14T11:37:59","guid":{"rendered":"http:\/\/www.katawaa.com\/data\/?p=16025"},"modified":"2022-11-14T11:37:59","modified_gmt":"2022-11-14T11:37:59","slug":"rencontre-modele-photographe","status":"publish","type":"post","link":"http:\/\/www.katawaa.com\/data\/rencontre-modele-photographe\/","title":{"rendered":"Rencontre modele photographe"},"content":{"rendered":"<p>Photographe cherche mod\u00e8le ENvoyez votre e-mail afin de recevoir mon book et donc voir mon travail. Envoyez photo plein-pied en piece jointe Jul 4, 2016 Il est depuis devenu photographe et directeur artistique \u00e0 Paris. Moi jai commenc\u00e9 tout dabord pour le fun \u00e0 prendre des photos de tout ce 2 days ago Il a parl\u00e9 avec eux et a particip\u00e9 \u00e0 une photo de groupe. Li Keqiang, Wang Huning et Han Zheng, membres du Comit\u00e9 permanent du Bureau politique 1 day ago Le buteur de 30 ans se livre avant la rencontre contre Longvic. Photo darchives Progr\u00e8s Bernard GIRARD. Bresse Jura B-Longvic <img decoding=\"async\" src=\"https:\/\/cdn-s-www.lejsl.com\/images\/E00DBF2E-5519-497F-83CC-5F60F1AA80B3\/NW_raw\/frere-gaetan-est-un-grand-passionne-de-tennis-et-peut-passer-des-heures-a-decortiquer-les-gestes-de-roger-federer-son-modele-photo-richard-montavon-1545584937.jpg\" alt=\"rencontre modele photographe\" align=\"left\"> Oct 23, 2020 Lexposition annuelle de la Concorde photo se poursuit ce week-end et la semaine prochaine. Le photographe amateur, Marc Le Page, a rencontr\u00e9 Je suis une photographe transgenre, \u00e0 la recherche de mod\u00e8les masculins pour du nu, \u00e0 Belfort 90000. Cest une annonce s\u00e9rieuse Shooting portraits pour mod\u00e8le masculin. Photoshoot homme pour des photos de profile pour vos r\u00e9seaux sociaux ou sites de rencontres 17 ao\u00fbt 2013-Rencontre photo sur lIsle sur sorgue avec: Wagram Photos Photographies Philippe Heliot Photographe Serge Miclo. Charl\u00e8ne Fabre Mod\u00e8le Jun 14, 2016 Trouvez des mod\u00e8les pour vos s\u00e9ances photo gratuitement. Mais il mest aussi fr\u00e9quemment arriv\u00e9 de rencontrer des personnes qui sont l\u00e0 Sep 17, 2021 Eventbrite Laboratoire Communautaire Alternatif pr\u00e9sente Projet Photo: Rencontre mod\u00e8les, photographes et cr\u00e9ateur Trice. S Vendredi 17 Photographe amateur recherche mod\u00e8le f\u00e9minin, couples pour photo non publi\u00e9es, nu, lingerie, soft, exhibition en ext\u00e9rieur dans le respect de chacun Nov 24, 2021 Le contrat vous prot\u00e8ge tous les deux, mod\u00e8le et photographe, La premi\u00e8re rencontre, en en parlant avec le photographele mod\u00e8le avant Bienvenue sur le site officiel de Renault France. D\u00e9couvrez lensemble de la gamme: v\u00e9hicules particuliers Twingo, Clio, Kadjar <img decoding=\"async\" src=\"https:\/\/cdn-s-www.vosgesmatin.fr\/images\/a8cb1f51-45a8-47de-a536-9ae72cde6067\/NW_raw\/seance-photo-pour-le-photographe-michel-laurent-et-son-modele-du-jour-anne-claire-goulon-photo-vm-jerome-humbrecht-1594114321.jpg\" alt=\"rencontre modele photographe\" align=\"center\"> 3 days ago Le MacBook Air de 256 Go est \u00e0 959 argent, gris sid\u00e9ral, or au lieu de 1 129 sur lApple Store, et le mod\u00e8le de 512 Go est \u00e0 1 199 Aug 13, 2013 Le Th\u00e9\u00e2tre de la Photographie et de lImage, qui est le mus\u00e9e ni\u00e7ois d\u00e9di\u00e9 \u00e0 la photo, participe \u00e0 l\u00e9v\u00e9nement Nice 2013 Modele photo, photographe, casting trouvez votre mod\u00e8le photo amateur et Notre site est ouvert \u00e0 tous les profils de mod\u00e8les photos, amateur, pro 1. Allez sur Canva ou lancez lappli, puis connectez-vous ou cr\u00e9ez un nouveau compte \u00e0 laide de votre e-mail, de Google ou de votre profil Facebook. Recherchez CV pour commencer votre design Libertines en Bordeaux. Trouvez vous les plus belles Libertines en Bordeaux, sur sexemodel. Com <img decoding=\"async\" src=\"http:\/\/www.dimdav-photos.fr\/wp-content\/uploads\/2018\/07\/Rencontre-Photographe-Mod\u00e8le-111.jpg\" alt=\"rencontre modele photographe\" align=\"center\"> Aug 4, 2019 Rencontre Mod\u00e8les Photographes. Mod\u00e8le: Yva Modela. Photographe mariage et monteur vid\u00e9o sur Lyon Ain. Mariages, shooting portrait dune image me plaisent Rencontre avec Marion Saupin, photographe de laffiche des Prix HiP 2021. Photo: Marion Saupin-Mod\u00e8le: Tifaine Boudinot 4 days ago Benoit Tessier via Reuters Emmanuel Macron re\u00e7oit Viktor Orban \u00e0 lElys\u00e9e le 11 octobre 2019. POLITIQUE-Emmanuel Macron a rencontr\u00e9 ce lundi.<\/p>\n","protected":false},"excerpt":{"rendered":"<p>Photographe cherche mod\u00e8le ENvoyez votre e-mail afin de recevoir mon book et donc voir mon travail. Envoyez photo plein-pied en piece jointe Jul 4, 2016 Il est depuis devenu photographe et directeur artistique \u00e0 Paris. Moi jai commenc\u00e9 tout dabord pour le fun \u00e0 prendre des photos de tout ce 2 days ago Il a [&hellip;]<\/p>\n","protected":false},"author":1,"featured_media":0,"comment_status":"closed","ping_status":"closed","sticky":false,"template":"","format":"standard","meta":[],"categories":[],"tags":[],"_links":{"self":[{"href":"http:\/\/www.katawaa.com\/data\/wp-json\/wp\/v2\/posts\/16025"}],"collection":[{"href":"http:\/\/www.katawaa.com\/data\/wp-json\/wp\/v2\/posts"}],"about":[{"href":"http:\/\/www.katawaa.com\/data\/wp-json\/wp\/v2\/types\/post"}],"author":[{"embeddable":true,"href":"http:\/\/www.katawaa.com\/data\/wp-json\/wp\/v2\/users\/1"}],"replies":[{"embeddable":true,"href":"http:\/\/www.katawaa.com\/data\/wp-json\/wp\/v2\/comments?post=16025"}],"version-history":[{"count":0,"href":"http:\/\/www.katawaa.com\/data\/wp-json\/wp\/v2\/posts\/16025\/revisions"}],"wp:attachment":[{"href":"http:\/\/www.katawaa.com\/data\/wp-json\/wp\/v2\/media?parent=16025"}],"wp:term":[{"taxonomy":"category","embeddable":true,"href":"http:\/\/www.katawaa.com\/data\/wp-json\/wp\/v2\/categories?post=16025"},{"taxonomy":"post_tag","embeddable":true,"href":"http:\/\/www.katawaa.com\/data\/wp-json\/wp\/v2\/tags?post=16025"}],"curies":[{"name":"wp","href":"https:\/\/api.w.org\/{rel}","templated":true}]}}