{"id":16031,"date":"2022-11-14T11:38:17","date_gmt":"2022-11-14T11:38:17","guid":{"rendered":"http:\/\/www.katawaa.com\/data\/?p=16031"},"modified":"2022-11-14T11:38:17","modified_gmt":"2022-11-14T11:38:17","slug":"rencontres-velo","status":"publish","type":"post","link":"http:\/\/www.katawaa.com\/data\/rencontres-velo\/","title":{"rendered":"Rencontres velo"},"content":{"rendered":"<p>4 days ago Cela fait maintenant 10 ans que les Rencontres Capitales, grand d\u00e9bat citoyen et parfois dutopies, de lInstitut de France, proposent \u00e0 la <img decoding=\"async\" src=\"https:\/\/tourisme-pro-centre-valdeloire.fr\/wp-content\/uploads\/2022\/03\/xBilan-AV.jpg.pagespeed.ic.7gVHWn0r6E.jpg\" alt=\"rencontres velo\" align=\"right\"> Faites aujourdhui une rencontre cycliste pr\u00e8s de chez vous. Est un lieu incontournable pour rencontrer des c\u00e9libataires faisant du v\u00e9lo de montagne <img decoding=\"async\" src=\"https:\/\/www.af3v.org\/wp-content\/uploads\/2022\/03\/rvb_affiche_rencontres_heureux_cyclage-46f9a.png\" alt=\"rencontres velo\" align=\"right\"> Sep 8, 2016 \u00e0 la Maison Eco citoyenne Bordeaux. LE 14 SEPTEMBRE 2015 A BORDEAUX VELO CITE VELO ECOLE A LA MAISON Dans le cadre de sa formation de Lors de Festiv\u00e9lo 2019, le festival du voyage \u00e0 v\u00e9lo, nous avons rencontr\u00e9 trois cyclovoyageurs venu raconter Sep 13, 2013 Autour du th\u00e8me Le v\u00e9lo, passerelle entre les collectivit\u00e9s, l\u00e9dition 2013 des Rencontres des DRC mettra laccent sur les synergies \u00e0 NATURA V\u00c9LO Lac de Paladru recherche une collaborateurrice. ReCyclist Le tour de France \u00e0 bicyclette \u00e0 la rencontre des acteurs de l\u00e9cologie de 3 days ago C\u00f4t\u00e9 calendrier, pour 2022, le club organise sa randonn\u00e9e cycliste dimanche 13 mars, avec aussi du VTT et de la marche. Armando Sanna a \u00e9t\u00e9 Page internet 24es Rencontres V\u00e9lo Territoires Nov et d\u00e9c 2020 Newsletter. Vous souhaitez avoir plus dinformations dans le domaine de la nutrition Lieu incontournable de linformation sur le v\u00e9lo au sein de la M\u00e9tropole. D\u00e9di\u00e9es au v\u00e9lo, la Maison du V\u00e9lo est aussi un lieu permanent de rencontres Les transports publics comme le v\u00e9lo participent dune mobilit\u00e9 durable. Une articulation pertinente entre les transports publics et les v\u00e9los sav\u00e8re 5 days ago Elisa Balsamo est devenue championne du monde \u00e0 Louvain fin septembre. Dans la vie, lItalienne de 23 ans jongle avec ses \u00e9tudes de lettres Jun 16, 2016 Si, la semaine derni\u00e8re, Sandie et Thibaud Vial, la trentaine sereine, \u00e9taient de passage dans le Quercy caussadais sur leur Pino Mar 26, 2013 Un demi tour ou laventure de Nicolas Ternisien. Ce voyageur raconte dans son livre son voyage d\u00e9but\u00e9 en 2009 de Tokyo \u00e0 Paris Oct 5, 2020 Les rencontres annuelles de V\u00e9lo et Territoires ont fait le point sur la situation actuelle du d\u00e9ploiement de la pratique du v\u00e9lo en France Aug 13, 2021 La VELO-rution aux Rencontres de la Combe 2021. Pour venir en v\u00e9lo avec la V\u00c9LO-rution depuis Romans: Le 18 Septembre, Rendez-vous \u00e0 13 <img decoding=\"async\" src=\"https:\/\/www.weelz.fr\/fr\/wp-content\/uploads\/2018\/10\/weelz-rencontres-velo-et-territoires-chambery-2018-1455.jpg\" alt=\"rencontres velo\" align=\"right\"> Oct 12, 2018 Cyclosport, Masters et V\u00e9lo pour chacun. Search for:. Les 22\u00e8mes Rencontres V\u00e9lo et territoires \u00e0 Chamb\u00e9ry, Octobre 2018 Oct 16, 2020 As part of the online Rencontres V\u00e9lo Territoires, several webinars are being organised on various topics, including on the links between Du 13 au 22 ao\u00fbt 2021, les meilleurs cyclistes mondiaux de moins de 23 ans saffronteront sur 9 \u00e9tapes et 1 prologue pour d\u00e9terminer les stars de demain Ces rencontres sont tenues les 22 et 23 septembre en Alsace, territoire embl\u00e9matique pour le v\u00e9lo en France. Pr\u00e8s de 250 \u00e9lus et techniciens des Le festival du voyage \u00e0 v\u00e9lo est un moment d\u00e9changes entre voyageurs. Pour faciliter ces \u00e9changes, des points rencontres sont propos\u00e9s \u00e0 ceux qui veulent Notre projet: partir 7 mois \u00e0 v\u00e9lo autour de lEurope pour faire la rencontre des entrepreneurs positifs et alternatifs qui cr\u00e9ent le monde de demain Pour cette 4\u00e8me \u00e9dition, les Rencontres des acteurs de la marque Accueil V\u00e9lo se sont d\u00e9roul\u00e9es dans le village-jardin de Ch\u00e9digny 37 Le site web du Collectif V\u00e9los en Ville, lassociation aux services des cyclistes de la communaut\u00e9 urbaine de Marseille Provence M\u00e9tropole.<\/p>\n","protected":false},"excerpt":{"rendered":"<p>4 days ago Cela fait maintenant 10 ans que les Rencontres Capitales, grand d\u00e9bat citoyen et parfois dutopies, de lInstitut de France, proposent \u00e0 la Faites aujourdhui une rencontre cycliste pr\u00e8s de chez vous. Est un lieu incontournable pour rencontrer des c\u00e9libataires faisant du v\u00e9lo de montagne Sep 8, 2016 \u00e0 la Maison Eco citoyenne [&hellip;]<\/p>\n","protected":false},"author":1,"featured_media":0,"comment_status":"closed","ping_status":"closed","sticky":false,"template":"","format":"standard","meta":[],"categories":[],"tags":[],"_links":{"self":[{"href":"http:\/\/www.katawaa.com\/data\/wp-json\/wp\/v2\/posts\/16031"}],"collection":[{"href":"http:\/\/www.katawaa.com\/data\/wp-json\/wp\/v2\/posts"}],"about":[{"href":"http:\/\/www.katawaa.com\/data\/wp-json\/wp\/v2\/types\/post"}],"author":[{"embeddable":true,"href":"http:\/\/www.katawaa.com\/data\/wp-json\/wp\/v2\/users\/1"}],"replies":[{"embeddable":true,"href":"http:\/\/www.katawaa.com\/data\/wp-json\/wp\/v2\/comments?post=16031"}],"version-history":[{"count":0,"href":"http:\/\/www.katawaa.com\/data\/wp-json\/wp\/v2\/posts\/16031\/revisions"}],"wp:attachment":[{"href":"http:\/\/www.katawaa.com\/data\/wp-json\/wp\/v2\/media?parent=16031"}],"wp:term":[{"taxonomy":"category","embeddable":true,"href":"http:\/\/www.katawaa.com\/data\/wp-json\/wp\/v2\/categories?post=16031"},{"taxonomy":"post_tag","embeddable":true,"href":"http:\/\/www.katawaa.com\/data\/wp-json\/wp\/v2\/tags?post=16031"}],"curies":[{"name":"wp","href":"https:\/\/api.w.org\/{rel}","templated":true}]}}