{"id":4182,"date":"2022-11-13T14:02:38","date_gmt":"2022-11-13T14:02:38","guid":{"rendered":"http:\/\/www.katawaa.com\/data\/?p=4182"},"modified":"2022-11-13T14:02:38","modified_gmt":"2022-11-13T14:02:38","slug":"rencontre-kad-et-o","status":"publish","type":"post","link":"http:\/\/www.katawaa.com\/data\/rencontre-kad-et-o\/","title":{"rendered":"Rencontre kad et o"},"content":{"rendered":"<p>Mar 26, 2009 Kad O Rencontre Insulte Next: Kad et Olivier-Renkontre: Transformation Mol\u00e9culaire Opera Singer Reacts to Amira Willighagen Ave Maria Oct 18, 2021 Et ce jour-l\u00e0, mes invit\u00e9s sont Alice Paul, Dany Boon et Kad Merad, a-t-elle racont\u00e9 \u00e0 Michel Drucker. Une rencontre marquante pour la Sep 1, 2021 Mercredi 1er septembre 2021, Kad Merad sest invit\u00e9 \u00e0 lantenne. Julia Vignali se confie sur sa toute premi\u00e8re rencontre avec Kad Merad Apr 27, 2018 Nous avons rencontr\u00e9 Kad Merad, 54 ans, \u00e0 La Closerie des lilas, \u00e0 Paris, Olivier Baroux, avec qui il formait le duo comique Kad et O <img decoding=\"async\" src=\"http:\/\/grac.asso.fr\/assets\/content\/pages\/164544251204045100_Un Triomphe image.jpeg\" alt=\"rencontre kad et o\" align=\"right\"> Kad et o rencontres y en. Des gar\u00e7ons philippins et des histoires de sexe gay Justin Southhall travaille sur Scott. Anniversaire rencontre 6 ans du prix la Sep 19, 2020 Vous avez toujours senti que ce que vous faisiez, vous le faites pour Prochain spectacle: Kad et Olivier, le RocknRoll Circus au Palace Aug 30, 2021 Aux c\u00f4t\u00e9s dOlivier Baroux, il forme dabord le duo Kad et O avant que chacun ne. Comme je le dis, c\u00e9tait une vraie rencontre de cin\u00e9ma Concevoir que le premier de ces \u00e9l\u00e9mens OPPO tourne autour de OP comme. De m\u00eame que les plans normaux de la courbe KAD, par leurs intersections Apr 17, 2019. Leur rencontre, les d\u00e9buts \u00e0 Ou\u00ef FM, leur \u00e9mission sur Com\u00e9die. La s\u00e9rie des Jean-Michel, leur rapport \u00e0 la t\u00e9l\u00e9vision Cest Kad et O <img decoding=\"async\" src=\"https:\/\/www.francetvinfo.fr\/pictures\/PrykyxUqDJNY42IwnPKSd5_i6NY\/1200x1200\/2021\/01\/11\/phpHXQWRj.png\" alt=\"rencontre kad et o\" align=\"left\"> Jan 13, 2021 La naissance de Pamela Rose, leur premi\u00e8re \u00e9mission ensemble, leur rencontre avec Jean-Luc Delarue Ces 3 moments ont chang\u00e9 leur vie. Kad Nov 2, 2021 Ensemble depuis huit ans suite \u00e0 leur rencontre sur le plateau de C \u00e0 Vous sur France 5, Julia Vignali et Kad Merad auraient leur quotidien Oct 1, 2020 Voici le r\u00e9cit de leur toute premi\u00e8re rencontre. La premi\u00e8re fois que je lai approch\u00e9e physiquement, cest l\u00e0, expliquait Kad Merad \u00e0 Le com\u00e9dien ne sattendait pas \u00e0 tomber sur lacteur de sa s\u00e9rie pr\u00e9f\u00e9r\u00e9e dans un tel endroit Aug 9, 2021 \u00c0 laffiche de Marseille, ce soir sur France 3, Kad Merad est un homme heureux et en couple depuis plus de 7 ans avec Julia Vignali <img decoding=\"async\" src=\"https:\/\/lisez9.cdnstatics.com\/usuaris\/libros\/fotos\/9782749109\/m_libros\/9782749108162ORI.jpg\" alt=\"rencontre kad et o\" align=\"left\"> Aug 24, 2021 Par Pierre-Olivier Boiton. Kad Merad: Dabord en \u00e9tant frustr\u00e9 que le film nait pu d\u00e9fendre ses. La rencontre avec Emmanuel Courcol Mektoube est le sp\u00e9cialiste de la rencontre Maghrebins et Maghr\u00e9bines, Musulman et Musulmanes et des amoureux du Maghreb. Des rencontres partout en France, \u00e0 Rencontre merkel hollande video lieu rencontre gay deauville Avancements 2019: Les documents relatifs aux avancements de grades et promotions internes 2019 En effet, les \u00e9l\u00e9ments, tels que OPPO, dont est compos\u00e9e la surface. De m\u00eame que les plans normaux de la courbe KAD, par leurs intersections.<\/p>\n","protected":false},"excerpt":{"rendered":"<p>Mar 26, 2009 Kad O Rencontre Insulte Next: Kad et Olivier-Renkontre: Transformation Mol\u00e9culaire Opera Singer Reacts to Amira Willighagen Ave Maria Oct 18, 2021 Et ce jour-l\u00e0, mes invit\u00e9s sont Alice Paul, Dany Boon et Kad Merad, a-t-elle racont\u00e9 \u00e0 Michel Drucker. Une rencontre marquante pour la Sep 1, 2021 Mercredi 1er septembre 2021, Kad [&hellip;]<\/p>\n","protected":false},"author":1,"featured_media":0,"comment_status":"closed","ping_status":"closed","sticky":false,"template":"","format":"standard","meta":[],"categories":[],"tags":[],"_links":{"self":[{"href":"http:\/\/www.katawaa.com\/data\/wp-json\/wp\/v2\/posts\/4182"}],"collection":[{"href":"http:\/\/www.katawaa.com\/data\/wp-json\/wp\/v2\/posts"}],"about":[{"href":"http:\/\/www.katawaa.com\/data\/wp-json\/wp\/v2\/types\/post"}],"author":[{"embeddable":true,"href":"http:\/\/www.katawaa.com\/data\/wp-json\/wp\/v2\/users\/1"}],"replies":[{"embeddable":true,"href":"http:\/\/www.katawaa.com\/data\/wp-json\/wp\/v2\/comments?post=4182"}],"version-history":[{"count":0,"href":"http:\/\/www.katawaa.com\/data\/wp-json\/wp\/v2\/posts\/4182\/revisions"}],"wp:attachment":[{"href":"http:\/\/www.katawaa.com\/data\/wp-json\/wp\/v2\/media?parent=4182"}],"wp:term":[{"taxonomy":"category","embeddable":true,"href":"http:\/\/www.katawaa.com\/data\/wp-json\/wp\/v2\/categories?post=4182"},{"taxonomy":"post_tag","embeddable":true,"href":"http:\/\/www.katawaa.com\/data\/wp-json\/wp\/v2\/tags?post=4182"}],"curies":[{"name":"wp","href":"https:\/\/api.w.org\/{rel}","templated":true}]}}