{"id":4424,"date":"2022-11-13T14:22:34","date_gmt":"2022-11-13T14:22:34","guid":{"rendered":"http:\/\/www.katawaa.com\/data\/?p=4424"},"modified":"2022-11-13T14:22:34","modified_gmt":"2022-11-13T14:22:34","slug":"rencontre-ministre-et-etudiants","status":"publish","type":"post","link":"http:\/\/www.katawaa.com\/data\/rencontre-ministre-et-etudiants\/","title":{"rendered":"Rencontre ministre et \u00e9tudiants"},"content":{"rendered":"<p>3 days ago Un jour de vacances suppl\u00e9mentaire pour les \u00e9l\u00e8ves et les \u00e9tudiants. Lecture Zen. Le porte-parole du gouvernement et le ministre de lEmploi <img decoding=\"async\" src=\"https:\/\/cdn-s-www.leprogres.fr\/images\/F15BC7A3-6F59-478A-8D43-AAE374233BA0\/NW_raw\/amelie-de-montchalin-ministre-de-la-transformation-et-de-la-fonction-publique-(au-centre)-a-rencontre-des-etudiants-beneficiaires-du-dispositif-quot-talents-lyonnais-quot-a-l-ira-de-lyon-vendredi-10-decembre-photo-progres-pierre-dujol-1639159327.jpg\" alt=\"rencontre ministre et \u00e9tudiants\" align=\"center\"> Feb 1, 2021 La ministre de lenseignement sup\u00e9rieur \u00e9tait en visite sur le campus bordelais ce lundi Des conventions de stage ou des contrats lient les \u00e9tudiants aux Rencontres. Lors de la conf\u00e9rence de presse des Rencontres 2010, le ministre de la Nov 9, 2017 Accueil photos; Le premier ministre Justin Trudeau rencontre des \u00e9tudiants \u00e0 lUniversit\u00e9 Ton Duc Thang \u00e0 H\u00f4 Chi Minh-Ville, au Vietnam Rencontre avec le Parti de la France \u00e0 leur f\u00eate du Cochon grill\u00e9. 20h15 Express: Laurent Wauquiez, du <img decoding=\"async\" src=\"https:\/\/static.lexpress.fr\/medias_11547\/w_1815,h_1362,c_crop,x_89,y_0\/w_640,h_358,c_fill,g_center\/v1499433665\/pres-de-23-des-etudiants-francais-exercent-une-activite-remuneree-parallelement-a-leurs-etudes-une-statistique-qui-couvre-une-realite-bien-plus-large-que-le-seul-job-etudiant-selon-une-etude-publiee-vendredi-par-le-ministere-du-travail_5912154.jpg\" alt=\"rencontre ministre et \u00e9tudiants\" align=\"center\"> A loccasion des rencontres universitaires de la francophonie, le Premier ministre Edouard Philippe a lanc\u00e9 le 19 novembre 2018 la strat\u00e9gie Bienvenue en Aug 18, 2016 Les \u00e9tudiants en m\u00e9decine se sont donn\u00e9 rendez-vous \u00e0 midi devant le cabinet de la ministre f\u00e9d\u00e9rale de la Sant\u00e9, Maggie De Block Feb 5, 2021 En 2016, sous sa direction, luniversit\u00e9 de Sophia Antipolis remporte le prix. Et Fr\u00e9d\u00e9rique Vidal rencontre le futur pr\u00e9sident de la R\u00e9publique Apr 27, 2021 Le chef du gouvernement \u00e9tait en d\u00e9placement \u00e0 Angers ce mardi pour rencontrer des \u00e9tudiants, touch\u00e9s de plein fouet par l\u00e9pid\u00e9mie de Jan 9, 2014 S\u00e9n\u00e9gal: Rencontre ministre de lenseignement sup\u00e9rieur-\u00e9tudiants-Nous sommes presque arriv\u00e9s \u00e0 un consensus, affirme Mary Teuw Niane Aug 27, 2021 Rencontre du ministre Moussa Sanogo avec les \u00e9tudiants de luniversit\u00e9 Nord-sud Articles. Abidjan. Net-lundi 30 ao\u00fbt 2021 C\u00f4te dIvoire <img decoding=\"async\" src=\"https:\/\/live.staticflickr.com\/7885\/46022530125_12046fc5f6_b.jpg\" alt=\"rencontre ministre et \u00e9tudiants\" align=\"center\"> Nov 9, 2017 Accueil photos; Le premier ministre Justin Trudeau rencontre des \u00e9tudiants \u00e0 lUniversit\u00e9 Ton Duc Thang \u00e0 H\u00f4 Chi Minh-Ville, au Vietnam Feb 18, 2018 Podcast Gabriel Attal: Les syndicats \u00e9tudiants vont rencontrer la ministre Fr\u00e9d\u00e9rique Vidal lundi Partager. Copi\u00e9 dans le presse-papier Missions et organisation du minist\u00e8re, biographies du ministre, de la ministre. Les \u00e9tudiants qui suivent une formation post bac en lyc\u00e9e classes Pourtant, le gouvernement consid\u00e8re cette situation comme d\u00e9rogatoire. Par Mourad Guichard. 11 d\u00e9cembre 2021. \u00c9tudiants se pressant pour obtenir des denr\u00e9es Jan 16, 2021 Dans un communiqu\u00e9, le minist\u00e8re de lEnseignement sup\u00e9rieur a assur\u00e9 que cette rencontre a \u00e9t\u00e9 loccasion pour le Premier ministre et May 29, 2012 La ministre qu\u00e9b\u00e9coise de lEducation a rencontr\u00e9 lundi les porte-parole des associations \u00e9tudiantes pour tenter de mettre un terme \u00e0 plus le Gouvernement a \u00e9labor\u00e9 une strat\u00e9gie fond\u00e9e sur plusieurs dispositifs visant \u00e0 les soutenir. Coll\u00e9giens, lyc\u00e9ens, futurs appentis et \u00e9tudiants.<\/p>\n","protected":false},"excerpt":{"rendered":"<p>3 days ago Un jour de vacances suppl\u00e9mentaire pour les \u00e9l\u00e8ves et les \u00e9tudiants. Lecture Zen. Le porte-parole du gouvernement et le ministre de lEmploi Feb 1, 2021 La ministre de lenseignement sup\u00e9rieur \u00e9tait en visite sur le campus bordelais ce lundi Des conventions de stage ou des contrats lient les \u00e9tudiants aux Rencontres. Lors [&hellip;]<\/p>\n","protected":false},"author":1,"featured_media":0,"comment_status":"closed","ping_status":"closed","sticky":false,"template":"","format":"standard","meta":[],"categories":[],"tags":[],"_links":{"self":[{"href":"http:\/\/www.katawaa.com\/data\/wp-json\/wp\/v2\/posts\/4424"}],"collection":[{"href":"http:\/\/www.katawaa.com\/data\/wp-json\/wp\/v2\/posts"}],"about":[{"href":"http:\/\/www.katawaa.com\/data\/wp-json\/wp\/v2\/types\/post"}],"author":[{"embeddable":true,"href":"http:\/\/www.katawaa.com\/data\/wp-json\/wp\/v2\/users\/1"}],"replies":[{"embeddable":true,"href":"http:\/\/www.katawaa.com\/data\/wp-json\/wp\/v2\/comments?post=4424"}],"version-history":[{"count":0,"href":"http:\/\/www.katawaa.com\/data\/wp-json\/wp\/v2\/posts\/4424\/revisions"}],"wp:attachment":[{"href":"http:\/\/www.katawaa.com\/data\/wp-json\/wp\/v2\/media?parent=4424"}],"wp:term":[{"taxonomy":"category","embeddable":true,"href":"http:\/\/www.katawaa.com\/data\/wp-json\/wp\/v2\/categories?post=4424"},{"taxonomy":"post_tag","embeddable":true,"href":"http:\/\/www.katawaa.com\/data\/wp-json\/wp\/v2\/tags?post=4424"}],"curies":[{"name":"wp","href":"https:\/\/api.w.org\/{rel}","templated":true}]}}