{"id":4593,"date":"2022-11-13T14:37:28","date_gmt":"2022-11-13T14:37:28","guid":{"rendered":"http:\/\/www.katawaa.com\/data\/?p=4593"},"modified":"2022-11-13T14:37:28","modified_gmt":"2022-11-13T14:37:28","slug":"salon-rencontre-geneve","status":"publish","type":"post","link":"http:\/\/www.katawaa.com\/data\/salon-rencontre-geneve\/","title":{"rendered":"Salon rencontre geneve"},"content":{"rendered":"<p>Apr 9, 2014 Pr\u00e9sente au salon eCom de Gen\u00e8ve, votre agence e-marketing vous invite \u00e0. Une journ\u00e9e riche en rencontres business pour appr\u00e9hender Jul 26, 2021 Nous \u00e9tions pr\u00e9sents au LEC virtuel, les 15, 16 et 17 Juin 2021: trois jour riches en \u00e9changes et en rencontres virtuelles Dec 8, 2021 Install\u00e9 \u00e0 Annecy, organisateur du salon-congr\u00e8s LEC \u00e0 Gen\u00e8ve depuis 10. De se rencontrer et de vivre des moments festifs est tr\u00e8s fort Un lieu de rencontre et de formation continue dans le domaine des arts, de la culture, de la d\u00e9tente, de linformatique, des langues et du sport May 1, 2017 Rencontre avec Kamel Daoud. Un recueil pour affirmer son droit \u00e0 la libert\u00e9 de parole. Kamel Daoud, \u00e9crivain et intellectuel alg\u00e9rien, veut \u00eatre Nov 24, 2021 Le 43e Salon International des Inventions de Gen\u00e8ve accorde une place tr\u00e8s importante aux cr\u00e9ations asiatiques. Le contingent suisse romand <img decoding=\"async\" src=\"https:\/\/c8.alamy.com\/compfr\/2e5ryr8\/le-president-et-ministre-de-la-defense-suisse-ueli-maurer-r-ajuste-le-noeud-de-cravate-du-soldat-juerg-mathis-c-qu-il-a-rencontre-lors-de-l-ouverture-officielle-du-83e-salon-de-l-auto-de-geneve-a-la-palexpo-arena-a-geneve-le-7-mars-2013-le-salon-de-l-automobile-de-geneve-aura-lieu-du-7-au-17-mars-2013-reuters-denis-balibuse-suisse-tags-transport-politique-d-affaires-militaire-2e5ryr8.jpg\" alt=\"salon rencontre geneve\" align=\"left\"> <img decoding=\"async\" src=\"https:\/\/images.rtl.fr\/~c\/770v513\/rtl\/www\/1142804-le-audi-q2-au-salon-de-l-auto-de-geneve.jpg\" alt=\"salon rencontre geneve\" align=\"left\"> Le salon eCom Geneva est le plus grand \u00e9v\u00e9nement d\u00e9di\u00e9 au Web, PRODEX est LE lieu de rencontre de lindustrie MEM suisse avec les principaux exposants Poseidon Co. Est cr\u00e9ateur d\u00e9v\u00e8nements au service des marques et de ses publics. Rencontrer pour captiver, engager pour mieux \u00e9changer, passionner pour Cette ann\u00e9e, assistez \u00e0 la lune de miel des Automnales et du Salon du Mariage qui se tiendra du 13 au 14 novembre 2021. Le Salon du Mariage sera \u00e9videmment Les Rencontres de la photographie dArles sont, chaque \u00e9t\u00e9 depuis 1970, le premier festival de photographie de renomm\u00e9e internationale Rencontre entre ado les adulte jeu fille baisse sa culottebuck chatte, Madrid afrodita escort salons rencontres avis sur rencontre geneve occasion Vous trouverez \u00e0 la fois de grands salons comme E-Marketing Paris, des festivals comme. Comme Teknseo \u00e0 Gen\u00e8ve, pour tout savoir sur le r\u00e9f\u00e9rencement Le Salon nautique de r\u00e9f\u00e9rence en Suisse romande \u00e0 Gen\u00e8ve, Palexpo les 8, 9 et 10 novembre 2019. D\u00e9couvrez les nouveaut\u00e9s et innovations 2019: bateaux, Rencontres: entre hommes et femmes Quand: dimanche 19 d\u00e9cembre 2021 Horaire: de 19h15 \u00e0 21h15 O\u00f9: un bar lounge de Lausanne Tranches d\u00e2ges: selon Il est d\u00e9di\u00e9 \u00e0 la bonne humeur et aux rencontres gratuites avec un chat webcam accessible \u00e0 tous, o\u00f9 que vous soyez dans le monde. Toute personne ayant besoin <img decoding=\"async\" src=\"https:\/\/flashleman.ch\/wp-content\/uploads\/2020\/03\/GIMS_Salon_international_automobile_Geneve_2020_Launaz_Turrettini_Rihs.jpg\" alt=\"salon rencontre geneve\" align=\"center\">.<\/p>\n","protected":false},"excerpt":{"rendered":"<p>Apr 9, 2014 Pr\u00e9sente au salon eCom de Gen\u00e8ve, votre agence e-marketing vous invite \u00e0. Une journ\u00e9e riche en rencontres business pour appr\u00e9hender Jul 26, 2021 Nous \u00e9tions pr\u00e9sents au LEC virtuel, les 15, 16 et 17 Juin 2021: trois jour riches en \u00e9changes et en rencontres virtuelles Dec 8, 2021 Install\u00e9 \u00e0 Annecy, organisateur [&hellip;]<\/p>\n","protected":false},"author":1,"featured_media":0,"comment_status":"closed","ping_status":"closed","sticky":false,"template":"","format":"standard","meta":[],"categories":[],"tags":[],"_links":{"self":[{"href":"http:\/\/www.katawaa.com\/data\/wp-json\/wp\/v2\/posts\/4593"}],"collection":[{"href":"http:\/\/www.katawaa.com\/data\/wp-json\/wp\/v2\/posts"}],"about":[{"href":"http:\/\/www.katawaa.com\/data\/wp-json\/wp\/v2\/types\/post"}],"author":[{"embeddable":true,"href":"http:\/\/www.katawaa.com\/data\/wp-json\/wp\/v2\/users\/1"}],"replies":[{"embeddable":true,"href":"http:\/\/www.katawaa.com\/data\/wp-json\/wp\/v2\/comments?post=4593"}],"version-history":[{"count":0,"href":"http:\/\/www.katawaa.com\/data\/wp-json\/wp\/v2\/posts\/4593\/revisions"}],"wp:attachment":[{"href":"http:\/\/www.katawaa.com\/data\/wp-json\/wp\/v2\/media?parent=4593"}],"wp:term":[{"taxonomy":"category","embeddable":true,"href":"http:\/\/www.katawaa.com\/data\/wp-json\/wp\/v2\/categories?post=4593"},{"taxonomy":"post_tag","embeddable":true,"href":"http:\/\/www.katawaa.com\/data\/wp-json\/wp\/v2\/tags?post=4593"}],"curies":[{"name":"wp","href":"https:\/\/api.w.org\/{rel}","templated":true}]}}