{"id":4842,"date":"2022-11-13T14:57:05","date_gmt":"2022-11-13T14:57:05","guid":{"rendered":"http:\/\/www.katawaa.com\/data\/?p=4842"},"modified":"2022-11-13T14:57:05","modified_gmt":"2022-11-13T14:57:05","slug":"les-rencontres-professionnelles","status":"publish","type":"post","link":"http:\/\/www.katawaa.com\/data\/les-rencontres-professionnelles\/","title":{"rendered":"Les rencontres professionnelles"},"content":{"rendered":"<p>Jul 7, 2008 Utiliser l\u00e9t\u00e9 pour \u00eatre au top \u00e0 la rentr\u00e9e Participer aux rencontres professionnelles. Florent Le Quintrec: JDN Deux jours de rencontres professionnelles Jazz et musiques du monde organis\u00e9es dans le cadre du Festival de Jazz dALBI en partenariat avec la Sc\u00e8ne Rencontrer des professionnels du secteur et du m\u00e9tier envisag\u00e9s est particuli\u00e8rement utile pour se conforter dans son choix de reconversion Ces rencontres professionnelles sont organis\u00e9es avec le soutien de la DRAC. Devenir musicien. Ne professionnel. Le LAstrada vous invite \u00e0 une table Les deuxi\u00e8mes rencontres professionnelles La ville en jeux qui devaient se tenir en juillet 2020 sont report\u00e9es au printemps 2021 <img decoding=\"async\" src=\"https:\/\/www.sainte-therese-les-cordeliers.fr\/blog-cdi-lp\/wp-content\/uploads\/sites\/3\/2017\/10\/mains.jpg\" alt=\"les rencontres professionnelles\" align=\"left\"> 9 hours ago Pour sa derni\u00e8re saison en professionnel, il disputera 32 nouvelles rencontres avec le maillot audonien, toujours dans la peau dun titulaire <img decoding=\"async\" src=\"https:\/\/www.sainte-therese-les-cordeliers.fr\/blog-cdi-lp\/wp-content\/uploads\/sites\/3\/2017\/10\/mains.jpg\" alt=\"les rencontres professionnelles\" align=\"right\"> 6\u00e8mes Rencontres professionnelles de lorientation des jeunes handicap\u00e9s. Le Cidj invite les professionnels de la communaut\u00e9 \u00e9ducative, responsables RH 11 hours ago Le club na plus assez de joueurs de l\u00e9quipe premi\u00e8re valides, a assur\u00e9 jeudi la direction de Leicester, dont deux rencontres ont \u00e9t\u00e9 Oct 16, 2020 En amont de la rencontre professionnelle du vendredi 16 octobre et dans le cadre du festival Un neuf trois Soleil. Une liste de spectacles Jan 20, 2021 Une \u00e9dition 2019 couronn\u00e9e de succ\u00e8s. Co-organis\u00e9 avec lAANA Agence de lAlimentation de Nouvelle-Aquitaine et soutenu par la R\u00e9gion 7 hours ago. Premier League. Le variant Omicron met le sport professionnel \u00e0. Trois rencontres ont dailleurs \u00e9t\u00e9 annul\u00e9es dont Montpellier La d\u00e9claration de revenus 2042 permet de d\u00e9clarer les revenus per\u00e7us par les membres du foyer fiscal. Elle est destin\u00e9e \u00e0 l\u00e9tablissement de limp\u00f4t sur le Un apr\u00e8s-midi rythm\u00e9 par 4 ateliers th\u00e9matiques simultan\u00e9s destin\u00e9s aux professionnels de tous les m\u00e9tiers de la fili\u00e8re du livre autour: des interactions Venez nous \u00e0 notre rencontre sur lespace 21. Lieu du salon: Quai Louis Prunier, aux port des Minimes de La Rochelle. Les rencontres professionnelles de la <img decoding=\"async\" src=\"https:\/\/fems.asso.fr\/wp-content\/uploads\/2020\/08\/Schema-rencontres-pro.png\" alt=\"les rencontres professionnelles\" align=\"right\"> Quelles perspectives de relance pour le secteur jeune public et pour la jeunesse. Rencontre professionnelle de lassociation Sc\u00e8nes denfance ASSITEJ France Nov 20, 2021 Ces rencontres professionnelles qui ont tout chang\u00e9. Il arrive quau cours de sa carri\u00e8re, on fasse LA rencontre, celle qui change tout Les rencontres professionnelles Passeurs dimages. Trois rencontres interprofessionnelles au plus pr\u00e9s des acteurs territoriaux Une rencontre professionnelle, sous forme de table ronde, r\u00e9unissant une vingtaine de professionnels fran\u00e7ais et canadiens sera organis\u00e9 le vendredi 31 ao\u00fbt.<\/p>\n","protected":false},"excerpt":{"rendered":"<p>Jul 7, 2008 Utiliser l\u00e9t\u00e9 pour \u00eatre au top \u00e0 la rentr\u00e9e Participer aux rencontres professionnelles. Florent Le Quintrec: JDN Deux jours de rencontres professionnelles Jazz et musiques du monde organis\u00e9es dans le cadre du Festival de Jazz dALBI en partenariat avec la Sc\u00e8ne Rencontrer des professionnels du secteur et du m\u00e9tier envisag\u00e9s est particuli\u00e8rement [&hellip;]<\/p>\n","protected":false},"author":1,"featured_media":0,"comment_status":"closed","ping_status":"closed","sticky":false,"template":"","format":"standard","meta":[],"categories":[],"tags":[],"_links":{"self":[{"href":"http:\/\/www.katawaa.com\/data\/wp-json\/wp\/v2\/posts\/4842"}],"collection":[{"href":"http:\/\/www.katawaa.com\/data\/wp-json\/wp\/v2\/posts"}],"about":[{"href":"http:\/\/www.katawaa.com\/data\/wp-json\/wp\/v2\/types\/post"}],"author":[{"embeddable":true,"href":"http:\/\/www.katawaa.com\/data\/wp-json\/wp\/v2\/users\/1"}],"replies":[{"embeddable":true,"href":"http:\/\/www.katawaa.com\/data\/wp-json\/wp\/v2\/comments?post=4842"}],"version-history":[{"count":0,"href":"http:\/\/www.katawaa.com\/data\/wp-json\/wp\/v2\/posts\/4842\/revisions"}],"wp:attachment":[{"href":"http:\/\/www.katawaa.com\/data\/wp-json\/wp\/v2\/media?parent=4842"}],"wp:term":[{"taxonomy":"category","embeddable":true,"href":"http:\/\/www.katawaa.com\/data\/wp-json\/wp\/v2\/categories?post=4842"},{"taxonomy":"post_tag","embeddable":true,"href":"http:\/\/www.katawaa.com\/data\/wp-json\/wp\/v2\/tags?post=4842"}],"curies":[{"name":"wp","href":"https:\/\/api.w.org\/{rel}","templated":true}]}}