{"id":5679,"date":"2022-11-13T15:59:06","date_gmt":"2022-11-13T15:59:06","guid":{"rendered":"http:\/\/www.katawaa.com\/data\/?p=5679"},"modified":"2022-11-13T15:59:06","modified_gmt":"2022-11-13T15:59:06","slug":"rencontre-kurde","status":"publish","type":"post","link":"http:\/\/www.katawaa.com\/data\/rencontre-kurde\/","title":{"rendered":"Rencontre kurde"},"content":{"rendered":"<p>Vendredi 21 octobre 2016 \u00e0 21h11-La repr\u00e9sentation du gouvernement r\u00e9gional du Kurdistan en France a acceuilli une dizaine des jeunes Kurdes de France au 7 days ago Le chef de la diplomatie am\u00e9ricaine Antony Blinken est arriv\u00e9 vendredi \u00e0 Liverpool o\u00f9 il a rencontr\u00e9 Liz Truss, ainsi que l\u00e9cologiste <img decoding=\"async\" src=\"https:\/\/www.france.gov.krd\/info\/images\/l\/actualite_661.jpg\" alt=\"rencontre kurde\" align=\"center\"> Jun 15, 2017 Rencontre avec le photographe am\u00e9ricain qui sillonne le Kurdistan irakien depuis pr\u00e8s de dix ans Jun 26, 2019 Le Centre D\u00e9mocratique Kurde de Montpellier, lassociation Epic\u00e9e, le Collectif de solidarit\u00e9 avec le peuple kurde co-organisent une 1 day ago Le Soir en a rencontr\u00e9 trois. Sur les 26 victimes, quinze sont des Kurdes dIrak et un autre est un Kurde dIran Accueil Rencontre-d\u00e9bat en solidarit\u00e9 avec le peuple kurde. Saint Denis est solidaire des Kurdes et progressistes de Turquie dans leur projet Mar 4, 2019 Lincident est survenu samedi dans une rencontre hostile opposant un club de football kurde \u00e0 une formation r\u00e9put\u00e9e pour ses positions Sulaymaneyya, kurdistan 0 photos. Lets meet and see. Femme c\u00e9libataire de 46 ans cherche rencontre amicale. The words can not describe the peson Oct 8, 2021 Bonjour, Je voudrais votre avis sur mon histoire. Jai rencontr\u00e9 un kurde, il est plus jeune que moi 25 ans moi 31 Jun 25, 2015 En 1992, Susan Meiselas, photographe de Magnum Photos rejoint l\u00e9quipe internationale dexperts m\u00e9dico-l\u00e9gaux r\u00e9unie \u00e0 Koreme au Kurdistan Avec qui je vais me marier Jai trouv\u00e9 kurde de ma vie gr\u00e2ce \u00e0 votre site Ce prix vient r\u00e9compenser les investissements continus de JusTurk rencontres la <img decoding=\"async\" src=\"https:\/\/thumbs.dreamstime.com\/z\/manifestation-de-kurde-dans-les-rues-londres-royaume-uni-le-novembre-kurdes-dont-si\u00e8ge-est-en-grande-bretagne-menant-une-195456073.jpg\" alt=\"rencontre kurde\" align=\"right\"> Avec son compagnon kurde rencontr\u00e9 \u00e0 Paris, Clarisse Hahn d\u00e9couvre un pays qui nexiste pas. Cest un pays hospitalier et g\u00e9n\u00e9reux, mais m\u00e9fiant et repli\u00e9 forts de la rencontre autour de nos actions au Kurdistan dIrak. Le programme d\u00e9velopp\u00e9 au Kurdistan Jan 19, 2018 Sur mes yeux, ou Ser \u00e7ava en kurde, peut signifier bienvenue ou \u00e0 votre. Parti \u00e0 la rencontre des Dengbejs, conteurs-chanteurs kurdes Aug 30, 2016 Ankara a \u00e9galement pr\u00e9venu que la Turquie continuerait de frapper les combattants kurdes syriens dans le nord de la Syrie tant quils ne 5 days ago. Aux Kurdes syriens apr\u00e8s avoir rencontr\u00e9 une d\u00e9l\u00e9gation du Rojava. Financi\u00e8re \u00e0 ladministration kurde du nord-est de la Syrie Afin de pr\u00e9parer la participation de la ville dErbil \u00e0 lAssembl\u00e9e g\u00e9n\u00e9rale de lAIMF, le Secr\u00e9taire permanent sest entretenu le 24 septembre avec le Nov 3, 2021 Dorigine kurde r\u00e9fugi\u00e9e au Danemark pour fuir la guerre \u00e0 la fin des ann\u00e9es 90, Sara Omar livre dans son premier roman, La Laveuse de Photographe professionnel, Guillaume Poli sest rendu \u00e0 Istanbul, en Turquie, dans le quartier kurde de Tarlabasi. Il y a rencontr\u00e9 une population inqui\u00e8te <img decoding=\"async\" src=\"https:\/\/img.over-blog-kiwi.com\/0\/58\/17\/74\/20180524\/ob_9f79bc_affiche-aberlin-06-09-2018.png\" alt=\"rencontre kurde\" align=\"center\"> La rencontre en ligne est un excellent moyen pour rencontrer des Kurdes. Vous pouvez tester les int\u00e9r\u00eats potentiels damour, discuter avec eux avant.<\/p>\n","protected":false},"excerpt":{"rendered":"<p>Vendredi 21 octobre 2016 \u00e0 21h11-La repr\u00e9sentation du gouvernement r\u00e9gional du Kurdistan en France a acceuilli une dizaine des jeunes Kurdes de France au 7 days ago Le chef de la diplomatie am\u00e9ricaine Antony Blinken est arriv\u00e9 vendredi \u00e0 Liverpool o\u00f9 il a rencontr\u00e9 Liz Truss, ainsi que l\u00e9cologiste Jun 15, 2017 Rencontre avec le [&hellip;]<\/p>\n","protected":false},"author":1,"featured_media":0,"comment_status":"closed","ping_status":"closed","sticky":false,"template":"","format":"standard","meta":[],"categories":[],"tags":[],"_links":{"self":[{"href":"http:\/\/www.katawaa.com\/data\/wp-json\/wp\/v2\/posts\/5679"}],"collection":[{"href":"http:\/\/www.katawaa.com\/data\/wp-json\/wp\/v2\/posts"}],"about":[{"href":"http:\/\/www.katawaa.com\/data\/wp-json\/wp\/v2\/types\/post"}],"author":[{"embeddable":true,"href":"http:\/\/www.katawaa.com\/data\/wp-json\/wp\/v2\/users\/1"}],"replies":[{"embeddable":true,"href":"http:\/\/www.katawaa.com\/data\/wp-json\/wp\/v2\/comments?post=5679"}],"version-history":[{"count":0,"href":"http:\/\/www.katawaa.com\/data\/wp-json\/wp\/v2\/posts\/5679\/revisions"}],"wp:attachment":[{"href":"http:\/\/www.katawaa.com\/data\/wp-json\/wp\/v2\/media?parent=5679"}],"wp:term":[{"taxonomy":"category","embeddable":true,"href":"http:\/\/www.katawaa.com\/data\/wp-json\/wp\/v2\/categories?post=5679"},{"taxonomy":"post_tag","embeddable":true,"href":"http:\/\/www.katawaa.com\/data\/wp-json\/wp\/v2\/tags?post=5679"}],"curies":[{"name":"wp","href":"https:\/\/api.w.org\/{rel}","templated":true}]}}